{"id":2736,"date":"2024-09-01T11:13:50","date_gmt":"2024-09-01T11:13:50","guid":{"rendered":"https:\/\/www.zentrum-oep.at\/?p=2736"},"modified":"2025-01-05T10:58:35","modified_gmt":"2025-01-05T10:58:35","slug":"kubo24-festival","status":"publish","type":"post","link":"https:\/\/www.zentrum-oep.at\/?p=2736","title":{"rendered":"KUBO24 Festival"},"content":{"rendered":"\n<p>Sentro pr\u00e4sentiert das Kunst- und Kulturfestival KUBO24 in der Kulturgarage in der Seestadt. Bald ist es soweit! Die letzten Vorbereitungen laufen auf Hochtouren und wir schauen voller Vorfreude auf das n\u00e4chste Wochenende 07.-08.09.2024!<\/p>\n\n\n\n<p>Auch dieses Jahr erwartet Dich ein umfangreiches Programm &#8211; diesmal mit gr\u00f6\u00dferem Fokus auf die Zukunft der 2. und 3. Generation philippinischer Einwander:innen. Das Thema lautet &#8222;Creating Legacy&#8220;, was viel bedeuten kann, jedoch hier das Wirken der jungen Generation in den Vordergrund r\u00fcckt und deren Erbe f\u00fcr die kommenden Generation. Neben den bekannten Panels und Workshops werden dieses Jahr verst\u00e4rkt Filme gezeigt, die dieses und andere Themen wie &#8222;Identit\u00e4t&#8220; oder &#8222;Verst\u00e4ndnis der Generationen untereinander&#8220; aufgreifen und beleuchten.<\/p>\n\n\n\n<div class=\"wp-block-buttons is-content-justification-center is-layout-flex wp-container-core-buttons-is-layout-16018d1d wp-block-buttons-is-layout-flex\">\n<div class=\"wp-block-button is-style-outline is-style-outline--1\"><a class=\"wp-block-button__link has-text-align-center wp-element-button\" href=\"https:\/\/www.kubo-austria.com\/de\/programm-deutsch-2024\/\" target=\"_blank\" rel=\"noreferrer noopener\">Zum Programm<\/a><\/div>\n<\/div>\n\n\n\n<hr class=\"wp-block-separator has-alpha-channel-opacity\"\/>\n\n\n\n<p>Sentro presents the art and culture festival KUBO24 in the Kulturgarage in the Seestadt very soon! The final preparations are in full swing and we are looking forward to the next weekend on September 7-8!<\/p>\n\n\n\n<p>Once again this year, you can expect an extensive program &#8211; this time with a greater focus on the future of 2nd and 3rd generation Filipino immigrants. The theme is \u201cCreating Legacy\u201d, which can mean many things, but here the focus is on the work of the younger generation and their legacy for the next generation. In addition to the familiar panels and workshops, this year there will be an increased number of films that address and shed light on this and other topics such as \u201cidentity\u201d and \u201cunderstanding between the generations\u201d.<\/p>\n\n\n\n<div class=\"wp-block-buttons is-content-justification-center is-layout-flex wp-container-core-buttons-is-layout-16018d1d wp-block-buttons-is-layout-flex\">\n<div class=\"wp-block-button is-style-outline is-style-outline--2\"><a class=\"wp-block-button__link has-text-align-center wp-element-button\" href=\"https:\/\/www.kubo-austria.com\/en\/program-english-2024\/\" target=\"_blank\" rel=\"noreferrer noopener\">More Information<\/a><\/div>\n<\/div>\n\n\n\n<hr class=\"wp-block-separator has-alpha-channel-opacity\"\/>\n\n\n\n<figure class=\"wp-block-image size-full\"><a href=\"https:\/\/www.zentrum-oep.at\/wp-content\/uploads\/2024\/09\/Logoleiste_Webseite_small.png\"><img loading=\"lazy\" decoding=\"async\" width=\"511\" height=\"100\" src=\"https:\/\/www.zentrum-oep.at\/wp-content\/uploads\/2024\/09\/Logoleiste_Webseite_small.png\" alt=\"\" class=\"wp-image-2743\" srcset=\"https:\/\/www.zentrum-oep.at\/wp-content\/uploads\/2024\/09\/Logoleiste_Webseite_small.png 511w, https:\/\/www.zentrum-oep.at\/wp-content\/uploads\/2024\/09\/Logoleiste_Webseite_small-300x59.png 300w\" sizes=\"auto, (max-width: 511px) 100vw, 511px\" \/><\/a><\/figure>\n","protected":false},"excerpt":{"rendered":"<p>Sentro pr\u00e4sentiert das Kunst- und Kulturfestival KUBO24 in der Kulturgarage in der Seestadt. Bald ist es soweit! Die letzten Vorbereitungen laufen auf Hochtouren und wir schauen voller Vorfreude auf das&#8230;<\/p>\n","protected":false},"author":2,"featured_media":2746,"comment_status":"closed","ping_status":"closed","sticky":false,"template":"","format":"standard","meta":{"ngg_post_thumbnail":0,"footnotes":""},"categories":[36,2],"tags":[],"class_list":["post-2736","post","type-post","status-publish","format-standard","has-post-thumbnail","hentry","category-kubo","category-projekt"],"yoast_head":"<!-- This site is optimized with the Yoast SEO plugin v27.4 - https:\/\/yoast.com\/product\/yoast-seo-wordpress\/ -->\n<title>KUBO24 Festival - Sentro<\/title>\n<meta name=\"robots\" content=\"index, follow, max-snippet:-1, max-image-preview:large, max-video-preview:-1\" \/>\n<link rel=\"canonical\" href=\"https:\/\/www.zentrum-oep.at\/?p=2736\" \/>\n<meta property=\"og:locale\" content=\"de_DE\" \/>\n<meta property=\"og:type\" content=\"article\" \/>\n<meta property=\"og:title\" content=\"KUBO24 Festival - Sentro\" \/>\n<meta property=\"og:description\" content=\"Sentro pr\u00e4sentiert das Kunst- und Kulturfestival KUBO24 in der Kulturgarage in der Seestadt. Bald ist es soweit! Die letzten Vorbereitungen laufen auf Hochtouren und wir schauen voller Vorfreude auf das...\" \/>\n<meta property=\"og:url\" content=\"https:\/\/www.zentrum-oep.at\/?p=2736\" \/>\n<meta property=\"og:site_name\" content=\"Sentro\" \/>\n<meta property=\"article:publisher\" content=\"https:\/\/www.facebook.com\/Zentrum-f%c3%bcr-%c3%b6sterreichische-und-philippinische-Kultur-und-Sprache-329255200458130\/\" \/>\n<meta property=\"article:published_time\" content=\"2024-09-01T11:13:50+00:00\" \/>\n<meta property=\"article:modified_time\" content=\"2025-01-05T10:58:35+00:00\" \/>\n<meta property=\"og:image\" content=\"https:\/\/www.zentrum-oep.at\/wp-content\/uploads\/2024\/09\/KUBO_Header_SAVE-THE-DATE_2000x1300px-red-2_V1-2.jpg\" \/>\n\t<meta property=\"og:image:width\" content=\"2000\" \/>\n\t<meta property=\"og:image:height\" content=\"1300\" \/>\n\t<meta property=\"og:image:type\" content=\"image\/jpeg\" \/>\n<meta name=\"author\" content=\"Christian Namiss\" \/>\n<meta name=\"twitter:card\" content=\"summary_large_image\" \/>\n<meta name=\"twitter:label1\" content=\"Verfasst von\" \/>\n\t<meta name=\"twitter:data1\" content=\"Christian Namiss\" \/>\n\t<meta name=\"twitter:label2\" content=\"Gesch\u00e4tzte Lesezeit\" \/>\n\t<meta name=\"twitter:data2\" content=\"2\u00a0Minuten\" \/>\n<script type=\"application\/ld+json\" class=\"yoast-schema-graph\">{\"@context\":\"https:\\\/\\\/schema.org\",\"@graph\":[{\"@type\":\"Article\",\"@id\":\"https:\\\/\\\/www.zentrum-oep.at\\\/?p=2736#article\",\"isPartOf\":{\"@id\":\"https:\\\/\\\/www.zentrum-oep.at\\\/?p=2736\"},\"author\":{\"name\":\"Christian Namiss\",\"@id\":\"https:\\\/\\\/www.zentrum-oep.at\\\/#\\\/schema\\\/person\\\/a210fd49f69d4c9b8a02630163616f85\"},\"headline\":\"KUBO24 Festival\",\"datePublished\":\"2024-09-01T11:13:50+00:00\",\"dateModified\":\"2025-01-05T10:58:35+00:00\",\"mainEntityOfPage\":{\"@id\":\"https:\\\/\\\/www.zentrum-oep.at\\\/?p=2736\"},\"wordCount\":250,\"image\":{\"@id\":\"https:\\\/\\\/www.zentrum-oep.at\\\/?p=2736#primaryimage\"},\"thumbnailUrl\":\"https:\\\/\\\/www.zentrum-oep.at\\\/wp-content\\\/uploads\\\/2024\\\/09\\\/KUBO_Header_SAVE-THE-DATE_2000x1300px-red-2_V1-2.jpg\",\"articleSection\":[\"KUBO\",\"Projekte\"],\"inLanguage\":\"de\"},{\"@type\":\"WebPage\",\"@id\":\"https:\\\/\\\/www.zentrum-oep.at\\\/?p=2736\",\"url\":\"https:\\\/\\\/www.zentrum-oep.at\\\/?p=2736\",\"name\":\"KUBO24 Festival - Sentro\",\"isPartOf\":{\"@id\":\"https:\\\/\\\/www.zentrum-oep.at\\\/#website\"},\"primaryImageOfPage\":{\"@id\":\"https:\\\/\\\/www.zentrum-oep.at\\\/?p=2736#primaryimage\"},\"image\":{\"@id\":\"https:\\\/\\\/www.zentrum-oep.at\\\/?p=2736#primaryimage\"},\"thumbnailUrl\":\"https:\\\/\\\/www.zentrum-oep.at\\\/wp-content\\\/uploads\\\/2024\\\/09\\\/KUBO_Header_SAVE-THE-DATE_2000x1300px-red-2_V1-2.jpg\",\"datePublished\":\"2024-09-01T11:13:50+00:00\",\"dateModified\":\"2025-01-05T10:58:35+00:00\",\"author\":{\"@id\":\"https:\\\/\\\/www.zentrum-oep.at\\\/#\\\/schema\\\/person\\\/a210fd49f69d4c9b8a02630163616f85\"},\"breadcrumb\":{\"@id\":\"https:\\\/\\\/www.zentrum-oep.at\\\/?p=2736#breadcrumb\"},\"inLanguage\":\"de\",\"potentialAction\":[{\"@type\":\"ReadAction\",\"target\":[\"https:\\\/\\\/www.zentrum-oep.at\\\/?p=2736\"]}]},{\"@type\":\"ImageObject\",\"inLanguage\":\"de\",\"@id\":\"https:\\\/\\\/www.zentrum-oep.at\\\/?p=2736#primaryimage\",\"url\":\"https:\\\/\\\/www.zentrum-oep.at\\\/wp-content\\\/uploads\\\/2024\\\/09\\\/KUBO_Header_SAVE-THE-DATE_2000x1300px-red-2_V1-2.jpg\",\"contentUrl\":\"https:\\\/\\\/www.zentrum-oep.at\\\/wp-content\\\/uploads\\\/2024\\\/09\\\/KUBO_Header_SAVE-THE-DATE_2000x1300px-red-2_V1-2.jpg\",\"width\":2000,\"height\":1300},{\"@type\":\"BreadcrumbList\",\"@id\":\"https:\\\/\\\/www.zentrum-oep.at\\\/?p=2736#breadcrumb\",\"itemListElement\":[{\"@type\":\"ListItem\",\"position\":1,\"name\":\"Startseite\",\"item\":\"https:\\\/\\\/www.zentrum-oep.at\\\/\"},{\"@type\":\"ListItem\",\"position\":2,\"name\":\"KUBO24 Festival\"}]},{\"@type\":\"WebSite\",\"@id\":\"https:\\\/\\\/www.zentrum-oep.at\\\/#website\",\"url\":\"https:\\\/\\\/www.zentrum-oep.at\\\/\",\"name\":\"Sentro\",\"description\":\"Zentrum f\u00fcr \u00f6sterreichische und philippinische Kultur und Sprache\",\"potentialAction\":[{\"@type\":\"SearchAction\",\"target\":{\"@type\":\"EntryPoint\",\"urlTemplate\":\"https:\\\/\\\/www.zentrum-oep.at\\\/?s={search_term_string}\"},\"query-input\":{\"@type\":\"PropertyValueSpecification\",\"valueRequired\":true,\"valueName\":\"search_term_string\"}}],\"inLanguage\":\"de\"},{\"@type\":\"Person\",\"@id\":\"https:\\\/\\\/www.zentrum-oep.at\\\/#\\\/schema\\\/person\\\/a210fd49f69d4c9b8a02630163616f85\",\"name\":\"Christian Namiss\",\"image\":{\"@type\":\"ImageObject\",\"inLanguage\":\"de\",\"@id\":\"https:\\\/\\\/secure.gravatar.com\\\/avatar\\\/bfff86bb618fdf9906e95acb96b155ab85b80d9334fd9d69eb63c6dc9ff0836e?s=96&d=mm&r=g\",\"url\":\"https:\\\/\\\/secure.gravatar.com\\\/avatar\\\/bfff86bb618fdf9906e95acb96b155ab85b80d9334fd9d69eb63c6dc9ff0836e?s=96&d=mm&r=g\",\"contentUrl\":\"https:\\\/\\\/secure.gravatar.com\\\/avatar\\\/bfff86bb618fdf9906e95acb96b155ab85b80d9334fd9d69eb63c6dc9ff0836e?s=96&d=mm&r=g\",\"caption\":\"Christian Namiss\"},\"url\":\"https:\\\/\\\/www.zentrum-oep.at\\\/?author=2\"}]}<\/script>\n<!-- \/ Yoast SEO plugin. -->","yoast_head_json":{"title":"KUBO24 Festival - Sentro","robots":{"index":"index","follow":"follow","max-snippet":"max-snippet:-1","max-image-preview":"max-image-preview:large","max-video-preview":"max-video-preview:-1"},"canonical":"https:\/\/www.zentrum-oep.at\/?p=2736","og_locale":"de_DE","og_type":"article","og_title":"KUBO24 Festival - Sentro","og_description":"Sentro pr\u00e4sentiert das Kunst- und Kulturfestival KUBO24 in der Kulturgarage in der Seestadt. Bald ist es soweit! Die letzten Vorbereitungen laufen auf Hochtouren und wir schauen voller Vorfreude auf das...","og_url":"https:\/\/www.zentrum-oep.at\/?p=2736","og_site_name":"Sentro","article_publisher":"https:\/\/www.facebook.com\/Zentrum-f%c3%bcr-%c3%b6sterreichische-und-philippinische-Kultur-und-Sprache-329255200458130\/","article_published_time":"2024-09-01T11:13:50+00:00","article_modified_time":"2025-01-05T10:58:35+00:00","og_image":[{"width":2000,"height":1300,"url":"https:\/\/www.zentrum-oep.at\/wp-content\/uploads\/2024\/09\/KUBO_Header_SAVE-THE-DATE_2000x1300px-red-2_V1-2.jpg","type":"image\/jpeg"}],"author":"Christian Namiss","twitter_card":"summary_large_image","twitter_misc":{"Verfasst von":"Christian Namiss","Gesch\u00e4tzte Lesezeit":"2\u00a0Minuten"},"schema":{"@context":"https:\/\/schema.org","@graph":[{"@type":"Article","@id":"https:\/\/www.zentrum-oep.at\/?p=2736#article","isPartOf":{"@id":"https:\/\/www.zentrum-oep.at\/?p=2736"},"author":{"name":"Christian Namiss","@id":"https:\/\/www.zentrum-oep.at\/#\/schema\/person\/a210fd49f69d4c9b8a02630163616f85"},"headline":"KUBO24 Festival","datePublished":"2024-09-01T11:13:50+00:00","dateModified":"2025-01-05T10:58:35+00:00","mainEntityOfPage":{"@id":"https:\/\/www.zentrum-oep.at\/?p=2736"},"wordCount":250,"image":{"@id":"https:\/\/www.zentrum-oep.at\/?p=2736#primaryimage"},"thumbnailUrl":"https:\/\/www.zentrum-oep.at\/wp-content\/uploads\/2024\/09\/KUBO_Header_SAVE-THE-DATE_2000x1300px-red-2_V1-2.jpg","articleSection":["KUBO","Projekte"],"inLanguage":"de"},{"@type":"WebPage","@id":"https:\/\/www.zentrum-oep.at\/?p=2736","url":"https:\/\/www.zentrum-oep.at\/?p=2736","name":"KUBO24 Festival - Sentro","isPartOf":{"@id":"https:\/\/www.zentrum-oep.at\/#website"},"primaryImageOfPage":{"@id":"https:\/\/www.zentrum-oep.at\/?p=2736#primaryimage"},"image":{"@id":"https:\/\/www.zentrum-oep.at\/?p=2736#primaryimage"},"thumbnailUrl":"https:\/\/www.zentrum-oep.at\/wp-content\/uploads\/2024\/09\/KUBO_Header_SAVE-THE-DATE_2000x1300px-red-2_V1-2.jpg","datePublished":"2024-09-01T11:13:50+00:00","dateModified":"2025-01-05T10:58:35+00:00","author":{"@id":"https:\/\/www.zentrum-oep.at\/#\/schema\/person\/a210fd49f69d4c9b8a02630163616f85"},"breadcrumb":{"@id":"https:\/\/www.zentrum-oep.at\/?p=2736#breadcrumb"},"inLanguage":"de","potentialAction":[{"@type":"ReadAction","target":["https:\/\/www.zentrum-oep.at\/?p=2736"]}]},{"@type":"ImageObject","inLanguage":"de","@id":"https:\/\/www.zentrum-oep.at\/?p=2736#primaryimage","url":"https:\/\/www.zentrum-oep.at\/wp-content\/uploads\/2024\/09\/KUBO_Header_SAVE-THE-DATE_2000x1300px-red-2_V1-2.jpg","contentUrl":"https:\/\/www.zentrum-oep.at\/wp-content\/uploads\/2024\/09\/KUBO_Header_SAVE-THE-DATE_2000x1300px-red-2_V1-2.jpg","width":2000,"height":1300},{"@type":"BreadcrumbList","@id":"https:\/\/www.zentrum-oep.at\/?p=2736#breadcrumb","itemListElement":[{"@type":"ListItem","position":1,"name":"Startseite","item":"https:\/\/www.zentrum-oep.at\/"},{"@type":"ListItem","position":2,"name":"KUBO24 Festival"}]},{"@type":"WebSite","@id":"https:\/\/www.zentrum-oep.at\/#website","url":"https:\/\/www.zentrum-oep.at\/","name":"Sentro","description":"Zentrum f\u00fcr \u00f6sterreichische und philippinische Kultur und Sprache","potentialAction":[{"@type":"SearchAction","target":{"@type":"EntryPoint","urlTemplate":"https:\/\/www.zentrum-oep.at\/?s={search_term_string}"},"query-input":{"@type":"PropertyValueSpecification","valueRequired":true,"valueName":"search_term_string"}}],"inLanguage":"de"},{"@type":"Person","@id":"https:\/\/www.zentrum-oep.at\/#\/schema\/person\/a210fd49f69d4c9b8a02630163616f85","name":"Christian Namiss","image":{"@type":"ImageObject","inLanguage":"de","@id":"https:\/\/secure.gravatar.com\/avatar\/bfff86bb618fdf9906e95acb96b155ab85b80d9334fd9d69eb63c6dc9ff0836e?s=96&d=mm&r=g","url":"https:\/\/secure.gravatar.com\/avatar\/bfff86bb618fdf9906e95acb96b155ab85b80d9334fd9d69eb63c6dc9ff0836e?s=96&d=mm&r=g","contentUrl":"https:\/\/secure.gravatar.com\/avatar\/bfff86bb618fdf9906e95acb96b155ab85b80d9334fd9d69eb63c6dc9ff0836e?s=96&d=mm&r=g","caption":"Christian Namiss"},"url":"https:\/\/www.zentrum-oep.at\/?author=2"}]}},"_links":{"self":[{"href":"https:\/\/www.zentrum-oep.at\/index.php?rest_route=\/wp\/v2\/posts\/2736","targetHints":{"allow":["GET"]}}],"collection":[{"href":"https:\/\/www.zentrum-oep.at\/index.php?rest_route=\/wp\/v2\/posts"}],"about":[{"href":"https:\/\/www.zentrum-oep.at\/index.php?rest_route=\/wp\/v2\/types\/post"}],"author":[{"embeddable":true,"href":"https:\/\/www.zentrum-oep.at\/index.php?rest_route=\/wp\/v2\/users\/2"}],"replies":[{"embeddable":true,"href":"https:\/\/www.zentrum-oep.at\/index.php?rest_route=%2Fwp%2Fv2%2Fcomments&post=2736"}],"version-history":[{"count":5,"href":"https:\/\/www.zentrum-oep.at\/index.php?rest_route=\/wp\/v2\/posts\/2736\/revisions"}],"predecessor-version":[{"id":2745,"href":"https:\/\/www.zentrum-oep.at\/index.php?rest_route=\/wp\/v2\/posts\/2736\/revisions\/2745"}],"wp:featuredmedia":[{"embeddable":true,"href":"https:\/\/www.zentrum-oep.at\/index.php?rest_route=\/wp\/v2\/media\/2746"}],"wp:attachment":[{"href":"https:\/\/www.zentrum-oep.at\/index.php?rest_route=%2Fwp%2Fv2%2Fmedia&parent=2736"}],"wp:term":[{"taxonomy":"category","embeddable":true,"href":"https:\/\/www.zentrum-oep.at\/index.php?rest_route=%2Fwp%2Fv2%2Fcategories&post=2736"},{"taxonomy":"post_tag","embeddable":true,"href":"https:\/\/www.zentrum-oep.at\/index.php?rest_route=%2Fwp%2Fv2%2Ftags&post=2736"}],"curies":[{"name":"wp","href":"https:\/\/api.w.org\/{rel}","templated":true}]}}